{"id":1931,"date":"2017-12-06T18:56:59","date_gmt":"2017-12-06T16:56:59","guid":{"rendered":"http:\/\/www.chemins-khatovar.com\/site\/?p=1931"},"modified":"2017-12-10T23:28:33","modified_gmt":"2017-12-10T21:28:33","slug":"jim-butcher-le-codex-alera-5-la-furie-du-princeps-vo-122008-vf-112017","status":"publish","type":"post","link":"http:\/\/www.chemins-khatovar.com\/site\/2017\/12\/jim-butcher-le-codex-alera-5-la-furie-du-princeps-vo-122008-vf-112017\/","title":{"rendered":"Jim Butcher, Le Codex Alera 5 : La Furie du Princeps (VO 12\/2008, VF 11\/2017)"},"content":{"rendered":"<p><img decoding=\"async\" src=\"http:\/\/ressources.bragelonne.fr\/img\/livres\/2017-11\/1711-LaFurieduprinceps_org.jpg\" \/><\/p>\n<p align=\"JUSTIFY\"><span style=\"font-family: 'Times New Roman', serif\"><span style=\"font-size: medium\"><strong>R\u00e9sum\u00e9 tome 5 : La Furie du Princeps<\/strong><br \/>\n<em>D\u00e9sormais reconnu comme le Princeps Gaius Octavien, h\u00e9ritier du tr\u00f4ne, Tavi de Calderon est parvenu \u00e0 conclure une alliance fragile avec ses ennemis, les farouches Canims. Mais lorsque Tavi et ses l\u00e9gions reconduisent les Canims jusqu\u2019\u00e0 leurs terres, le Princeps d\u00e9couvre que ses pires craintes sont devenues r\u00e9alit\u00e9. Les redoutables vordes \u2013 ennemies des deux peuples \u2013 ravagent depuis trois ans la patrie des Canims. Et lorsque les Al\u00e9r\u00e9ens perdent l\u2019acc\u00e8s \u00e0 leurs vaisseaux, ils se voient oblig\u00e9s de se battre pour survivre aux c\u00f4t\u00e9s de leurs anciens adversaires. Depuis un mill\u00e9naire, Al\u00e9ra et ses furies ont tenu t\u00eate \u00e0 tous leurs ennemis, repouss\u00e9 toutes les attaques. Mais cette \u00e9poque touche \u00e0 sa fin\u2026<\/em><\/span><\/span><\/p>\n<p align=\"JUSTIFY\"><span style=\"font-family: 'Times New Roman', serif\"><span style=\"font-size: medium\">A l&rsquo;image de la saga <b>Harry Potter<\/b>, ici les lecteurs grandissent avec le h\u00e9ros\u00a0: dans les tomes 1 et 2 nous d\u00e9couvrions l&rsquo;univers du <strong>Codex Alera<\/strong>, ses intrigues et ses complotes opposant super-h\u00e9ros et super-vilains, \u00e0 travers les yeux d&rsquo;un h\u00e9ros adolescents orphelins sans pouvoir aucun, et les tomes 3 et 4 ce dernier montait en grade pour d\u00e9fendre une soci\u00e9t\u00e9 libre, \u00e9gale, fraternelle et multiculturelle dans un monde autoritaire, in\u00e9galitaire, intol\u00e9rant et mono-culturel, qui entre isolationnisme et imp\u00e9rialisme faisait la part belle au racisme, au supr\u00e9matisme, au sexisme et \u00e0 l&rsquo;esclavagisme (toute ressemblance avec les USA n&rsquo;\u00e9tant \u00e9videmment aucunement fortuite\u00a0!). Et dans ce tome 5 commence dans le sang et les larmes la fin de l&rsquo;\u00e2ge des hommes\u00a0!<\/span><\/span><\/p>\n<p><iframe loading=\"lazy\" width=\"500\" height=\"375\" src=\"https:\/\/www.youtube.com\/embed\/3MWxAAQoNiw?feature=oembed\" frameborder=\"0\" gesture=\"media\" allow=\"encrypted-media\" allowfullscreen><\/iframe><\/p>\n<p align=\"JUSTIFY\"><span style=\"font-family: 'Times New Roman', serif\"><span style=\"font-size: medium\">Avec leurs games of thrones \u00e0 la con les homines crevarices ont ouvert la Bo\u00eete de Pandore avant de d\u00e9rouler le tapis rouge \u00e0 la B\u00eate Immonde&#8230; Mais n&rsquo;est-il d\u00e9j\u00e0 trop tard pour monter une Grande Alliance contre les forces de l&rsquo;Axe\u00a0? Car c&rsquo;est tout naturellement que les crevards habituels entre dans le collaborationisme en proposent leurs bons et loyaux \u00e0 l\u2019envahisseur tout droit sorti de <b>Starship Troopers<\/b> (mais pas que ^^)<\/span><\/span><\/p>\n<p><img decoding=\"async\" src=\"https:\/\/i.pinimg.com\/564x\/b5\/96\/c5\/b596c5b66e09f8b91b897e0122019763--starcraft--kerrigan-starcraft.jpg\" \/><\/p>\n<p align=\"JUSTIFY\"><span style=\"font-family: 'Times New Roman', serif\"><span style=\"font-size: medium\">Le prologue envoie du bois avec un des super-h\u00e9ros se battant sur le Mur d&rsquo;Hadrien contre les barbares inhumains venus du nord, et des une patrouille d&rsquo;espions qui d\u00e9couvrent que les Vordes sont de retour et ma\u00eetrisent d\u00e9sormais la magie\u00a0: les hommes viennent de perdre le meilleur et seul atout contre les hordes aliens&#8230;<\/span><\/span><\/p>\n<p align=\"JUSTIFY\"><span style=\"font-family: 'Times New Roman', serif\"><span style=\"font-size: medium\">Nous suivons le POV de Tavi, appel\u00e9 Tavar en Can\u00e9a, et Gaius Octavien en Al\u00e9ra.<\/span><\/span><\/p>\n<p align=\"JUSTIFY\"><span style=\"font-family: 'Times New Roman', serif\"><span style=\"font-size: medium\"><i>ATTENTION SPOILERS&#8230; Il raccompagne de l&rsquo;autre c\u00f4t\u00e9 de la Mare Nostrum ceux qu&rsquo;il a combattu pendant 3 ans \u00e0 un contre dix en esp\u00e9rant en apprendre suffisamment pour \u00e9tablir une paix durable entre les peuples, et d\u00e9couvre un continent 5 fois plus grand et 10 fois plus peupl\u00e9 qu&rsquo;Al\u00e9ra\u00a0: si Al\u00e9ra a jusqu&rsquo;ici vaincu ses h\u00e9r\u00e9ditaires ennemis lupins, c&rsquo;est parce que les peuples canins divis\u00e9s et f\u00e9rus d&rsquo;honneur martial ont attaqu\u00e9 les uns apr\u00e8s les autres et jamais tous en m\u00eame temps&#8230;<\/i><br \/>\n<span style=\"font-family: 'Times New Roman', serif\"><span style=\"font-size: medium\"><i>Mais les super-h\u00e9ros guerriers ou magiciens d\u00e9couvrent un continent \u00e0 l&rsquo;agonie\u00a0: en moins de 3 ann\u00e9es les royaumes canims sont tomb\u00e9s les uns apr\u00e8s les autres face aux Vordes, et sur les hauts plateaux de Shuar le chef de guerre Gradash livre le baroud d&rsquo;honneur de tout un peuple (quitte \u00e0 utiliser les r\u00e9fugi\u00e9s parqu\u00e9s dans des camps de concentration comme ressources humaines pour les sorciers et les n\u00e9cromants)&#8230; Au lieu d&rsquo;abandonner tout le monde \u00e0 son triste sort comme le feraient nos bons crevards IRL, Tavi se donne comme mission de sauver ceux qui peuvent encore l&rsquo;\u00eatre contre l&rsquo;avis de la majorit\u00e9 des int\u00e9ress\u00e9s, et il est pr\u00eat \u00e0 donner sa propre vie pour sauver le plus de vies possible car jusqu&rsquo;au bout il reste persuad\u00e9 qu&rsquo;il n&rsquo;y a pas de meilleure mani\u00e8re de vaincre un ennemi que de s&rsquo;en faire en ami (refrain bien connu des connaisseurs de David Gemmell ^^). Pour ne rien g\u00e2cher, il y a tout un passage \u00ab\u00a0je sais que tu sais que je sais que tu sais\u00a0\u00bb o\u00f9 comme dans le film <b>Push<\/b> de <b>Paul McGuigan<\/b> dans lequel Tavi contourne les liseurs d&rsquo;\u00e2mes vordes (l\u00e0 encore remember David Gemmell), en utilisant le pouvoir magique de la plume et du papier\u00a0!<\/i><\/span><\/span><\/span><\/span><\/p>\n<p><img decoding=\"async\" src=\"https:\/\/orig00.deviantart.net\/22e1\/f\/2010\/283\/3\/7\/fantasy_creatures_by_animecrazy1992-d30gmva.jpg\" \/><\/p>\n<p align=\"JUSTIFY\"><span style=\"font-family: 'Times New Roman', serif\"><span style=\"font-size: medium\">Nous suivons le POV d&rsquo;Isana,<\/span><\/span><\/p>\n<p align=\"JUSTIFY\"><span style=\"font-family: 'Times New Roman', serif\"><span style=\"font-size: medium\"><i>ATTENTION SPOILERS&#8230; missionn\u00e9 par le leader du monde libre pour mettre fin \u00e0 la s\u00e9culaire guerre du nord entre les Alerans et les Hommes des glaces&#8230; Chefs de guerre et chefs de paix des deux camps se rencontrent sous la m\u00e9diation du marat Doroaga, mais que faire contre des si\u00e8cles de haine\u00a0? Et que faire quand le principal acteur du conflit, le Haut Duc Antillar Raucus est en conflit avec lui-m\u00eame\u00a0? Isana la veuve de son d\u00e9funt ami Gaius Septimus va devoir au p\u00e9ril de sa vie d\u00e9couvrir ce qu&rsquo;il s&rsquo;est pass\u00e9 une g\u00e9n\u00e9ration plus t\u00f4t et lever le voile sur l&rsquo;assassinat de son \u00e9poux apr\u00e8s tant d&rsquo;ann\u00e9es \u00e0 l&rsquo;avoir pleur\u00e9&#8230;<\/i><\/span><\/span><\/p>\n<p><img decoding=\"async\" src=\"https:\/\/i.ytimg.com\/vi\/0Adk9f49w7A\/maxresdefault.jpg\" \/><\/p>\n<p align=\"JUSTIFY\"><span style=\"font-family: 'Times New Roman', serif\"><span style=\"font-size: medium\">Nous suivons le POV d&rsquo;Amara,<\/span><\/span><\/p>\n<p align=\"JUSTIFY\"><span style=\"font-family: 'Times New Roman', serif\"><span style=\"font-size: medium\"><i>ATTENTION SPOILERS&#8230; missionn\u00e9e par le leader du monde libre pour s&rsquo;infiltrer au-del\u00e0 des lignes ennemies pour d\u00e9couvrir le pourquoi du comment de la ma\u00eetrise de la magie par les Vordes. Et entre collaborateurs et esclaves, elle retrouvent de vieilles connaissances tels Rook, Kalarus Brencis ou Dame Invidia Aquitaine d\u00e9cid\u00e9ment plus que jamais super-vilaine&#8230; (par rapport \u00e0 son \u00e9pouse Bernard ressemble plus que jamais \u00e0 un homme au foyer ^^)<\/i><\/span><\/span><\/p>\n<p><img decoding=\"async\" src=\"https:\/\/pre00.deviantart.net\/c331\/th\/pre\/f\/2012\/062\/3\/b\/amara_and_cirrus_by_sandara-d3k8euu.jpg\" \/><\/p>\n<p align=\"JUSTIFY\"><span style=\"font-family: 'Times New Roman', serif\"><span style=\"font-size: medium\">Nous suivons enfin le POV d&rsquo;Ehren, fid\u00e8le parmi les fid\u00e8les, et avec lui nous suivons les derniers jours du Haut Duc Ga\u00fcs Sextus meurtri dans sa \u00e2me et dans sa chair qui puise dans ses derni\u00e8res forces pour offrir \u00e0 son h\u00e9ritier et \u00e0 son peuple une petite chance de victoire. Nous assistons \u00e0 la chute de la civilisation alerane\u00a0: l\u2019infestation de Kalare, la Bataille de C\u00e9r\u00e8s, l&rsquo;invasion du Val d&rsquo;Amaranthe, la longue marche vers la capitale et le si\u00e8ge d&rsquo;Alera Imperia&#8230; C&rsquo;est epicness to the max et certains profitent de l&rsquo;apocalypse pour r\u00e9gler leurs comptes ou profiter de la situation\u00a0: hominus crevaricus un jour, hominus crevaricus toujours\u00a0!<\/span><\/span><\/p>\n<p align=\"JUSTIFY\"><span style=\"font-family: 'Times New Roman', serif\"><span style=\"font-size: medium\">Tavi quitte bris\u00e9 un monde d\u00e9truit soumis au r\u00e8gne des Vordes&#8230; Va-t-il se relever de d\u00e9couvrir une autre monde d\u00e9truit soumis au r\u00e8gne des Vordes\u00a0? Parmi les fl\u00e9aux lib\u00e9r\u00e9s de Bo\u00eete de Pandore, il reste toujours l&rsquo;Espoir certes, mais comment celui qui l&rsquo;incarne va-t-il le retrouver\u00a0??? Mais il n&rsquo;a pas le choix\u00a0: il doit r\u00e9ussir l\u00e0 o\u00f9 son p\u00e8re et son grand-p\u00e8re ont \u00e9chou\u00e9, et cela sera la victoire ou la mort\u00a0! To Be Continued pour le sixi\u00e8me et dernier tome d&rsquo;une saga fantasy qui n&rsquo;aura jamais d\u00e9\u00e7u ses lecteurs donc rdv en mars 2018 pour le d\u00e9compte final\u00a0:<\/span><\/span><\/p>\n<p><iframe loading=\"lazy\" width=\"500\" height=\"375\" src=\"https:\/\/www.youtube.com\/embed\/9jK-NcRmVcw?feature=oembed\" frameborder=\"0\" gesture=\"media\" allow=\"encrypted-media\" allowfullscreen><\/iframe><\/p>\n<p align=\"JUSTIFY\"><span style=\"font-family: 'Times New Roman', serif\"><span style=\"font-size: medium\">Mais je suis pas un fanboy aveugle, et je suis oblig\u00e9 de signaler 2,5 trucs qui tirent l&rsquo;ensemble vers le bas\u00a0:<\/span><\/span><\/p>\n<p align=\"JUSTIFY\"><span style=\"font-family: 'Times New Roman', serif\"><span style=\"font-size: medium\">&#8211; apr\u00e8s pas mal de bouquins pour hardcore readers, cela m&rsquo;a fait un bien fou de retrouver le plaisir de la ligne droite propre aux livres pour easy readers, mais force est de constater que le style est simple voir simpliste et que tout aurait gagn\u00e9 en puissance avec un style moins basique (style basique propre \u00e0 la fantasy am\u00e9ricaine privil\u00e9gi\u00e9 par les \u00e9diteurs fran\u00e7ais en manque d&rsquo;imagination, donc contrairement aux inquisiteurs culturels et aux commissaire litt\u00e9raires je ne vais pas enfoncer un cycle plus qu&rsquo;un autre puisqu&rsquo;ils sortent tous du m\u00eame moule)<\/span><\/span><\/p>\n<p align=\"JUSTIFY\"><span style=\"font-family: 'Times New Roman', serif\"><span style=\"font-size: medium\">&#8211; depuis le d\u00e9but, il y a un petit BDSM racoleur centr\u00e9 comme par hasard sur les personnages f\u00e9minins, mais comme dans ce tome on laisse tranquille Isana toutes les sc\u00e8nes chaudes sont d\u00e9volues \u00e0 Amara. l&rsquo;auteur est fid\u00e8le \u00e0 ses personnages donc aux lecteurs qui les ont appr\u00e9ci\u00e9s, mais le d\u00e9s\u00e9quilibre des POVs commencent s\u00e9rieusement \u00e0 se voir&#8230;<\/span><\/span><\/p>\n<p align=\"JUSTIFY\"><span style=\"font-family: 'Times New Roman', serif\"><span style=\"font-size: medium\">&#8211; la grande bataille finale est racont\u00e9e sur le ton de la chronique&#8230; C&rsquo;est frustrant, mais il fallait bien que l&rsquo;auteur en garde sous le coude pour le grand final du tome suivant, et puis ce n&rsquo;\u00e9tait pas comme si le quotas de sc\u00e8nes d&rsquo;action n&rsquo;avait pas \u00e9t\u00e9 atteint hein ^^<\/span><\/span><\/p>\n<p align=\"JUSTIFY\"><span style=\"font-family: 'Times New Roman', serif\"><span style=\"font-size: medium\">Toute la s\u00e9rie repose sur le concept de furies, \u00e9quivalent des \u00e9rinyes grecques\u00a0: comment s&rsquo;appelle les trois Arches de No\u00e9 qui ram\u00e8nent les derniers espoirs du monde libre \u00e0 Alera\u00a0? M\u00e9g\u00e8re (\u039c\u03ad\u03b3\u03b1\u03b9\u03c1\u03b1 \/ M\u00e9gaira, \u00ab la Haine \u00bb), Tisiphone (\u03a4\u03b9\u03c3\u03b9\u03c6\u03cc\u03bd\u03b7 \/ Tisiph\u00f3n\u00ea, \u00ab la Vengeance \u00bb), Alecto (\u1f08\u03bb\u03b7\u03ba\u03c4\u03ce \/ Al\u00eakt\u1ed1, \u00ab l&rsquo;Implacable \u00bb)&#8230;<\/span><\/span><\/p>\n<p align=\"JUSTIFY\"><span style=\"font-family: 'Times New Roman', serif\"><span style=\"font-size: medium\">Oh oui, \u00e7a va chier pour les bad guys dans l\u2019ultime tome de cette coolissime saga high fantasy ^^ (et cela fait aussi plaisir de retrouver \u00e0 la traduction <b>Louise Malagoli<\/b> qui se coule parfaitement dans le travail r\u00e9alis\u00e9 auparavant)<\/span><\/span><\/p>\n<p style=\"text-align: right\" align=\"JUSTIFY\">Alfaric<\/p>\n<p style=\"text-align: right\" align=\"JUSTIFY\"><strong>Note : 7,5 \/10<\/strong><\/p>\n<div id=\"DivDetailLivre\"><\/div>\n<!-- AddThis Advanced Settings generic via filter on the_content --><!-- AddThis Share Buttons generic via filter on the_content -->","protected":false},"excerpt":{"rendered":"<p>R\u00e9sum\u00e9 tome 5 : La Furie du Princeps D\u00e9sormais reconnu comme le Princeps Gaius Octavien, h\u00e9ritier du tr\u00f4ne, Tavi de Calderon est parvenu \u00e0 conclure une alliance fragile avec ses ennemis, les farouches Canims. Mais lorsque Tavi et ses l\u00e9gions reconduisent les Canims jusqu\u2019\u00e0 leurs terres, le Princeps d\u00e9couvre que ses pires craintes sont devenues [&hellip;]<!-- AddThis Advanced Settings generic via filter on get_the_excerpt --><!-- AddThis Share Buttons generic via filter on get_the_excerpt --><\/p>\n","protected":false},"author":218,"featured_media":0,"comment_status":"open","ping_status":"open","sticky":false,"template":"","format":"standard","meta":{"footnotes":""},"categories":[13,3],"tags":[272,241,271,227,160],"_links":{"self":[{"href":"http:\/\/www.chemins-khatovar.com\/site\/wp-json\/wp\/v2\/posts\/1931"}],"collection":[{"href":"http:\/\/www.chemins-khatovar.com\/site\/wp-json\/wp\/v2\/posts"}],"about":[{"href":"http:\/\/www.chemins-khatovar.com\/site\/wp-json\/wp\/v2\/types\/post"}],"author":[{"embeddable":true,"href":"http:\/\/www.chemins-khatovar.com\/site\/wp-json\/wp\/v2\/users\/218"}],"replies":[{"embeddable":true,"href":"http:\/\/www.chemins-khatovar.com\/site\/wp-json\/wp\/v2\/comments?post=1931"}],"version-history":[{"count":7,"href":"http:\/\/www.chemins-khatovar.com\/site\/wp-json\/wp\/v2\/posts\/1931\/revisions"}],"predecessor-version":[{"id":1938,"href":"http:\/\/www.chemins-khatovar.com\/site\/wp-json\/wp\/v2\/posts\/1931\/revisions\/1938"}],"wp:attachment":[{"href":"http:\/\/www.chemins-khatovar.com\/site\/wp-json\/wp\/v2\/media?parent=1931"}],"wp:term":[{"taxonomy":"category","embeddable":true,"href":"http:\/\/www.chemins-khatovar.com\/site\/wp-json\/wp\/v2\/categories?post=1931"},{"taxonomy":"post_tag","embeddable":true,"href":"http:\/\/www.chemins-khatovar.com\/site\/wp-json\/wp\/v2\/tags?post=1931"}],"curies":[{"name":"wp","href":"https:\/\/api.w.org\/{rel}","templated":true}]}}